{"id":783,"date":"2022-04-15T17:47:21","date_gmt":"2022-04-15T15:47:21","guid":{"rendered":"http:\/\/blog.telemarkrkh.no\/?p=783"},"modified":"2022-04-15T17:47:22","modified_gmt":"2022-04-15T15:47:22","slug":"stralende-paskevaer","status":"publish","type":"post","link":"https:\/\/blog.telemarkrkh.no\/?p=783","title":{"rendered":"Str\u00e5lende p\u00e5skev\u00e6r"},"content":{"rendered":"\n<p>Vaktmannskapene i Telemark kan melde om str\u00e5lende v\u00e6r, stor utfart i store deler av fylket. Hjelpekorpsene i Telemark har i dag behandlet 8 skader. Her er det b\u00e5de brudd\/forstuing og s\u00e5r\/kutt det g\u00e5r i. Vi har ogs\u00e5 bist\u00e5tt p\u00e5 2 oppdrag sammen med ambulanse-tjenesten. Det er hittil i p\u00e5sken blitt behandlet 26 skader, og vi har v\u00e6rt totalt 175 mannskaper p\u00e5 fjellet forskjellige steder rundt om i Telemark. <\/p>\n\n\n\n<figure class=\"wp-block-image size-full\"><img loading=\"lazy\" decoding=\"async\" width=\"828\" height=\"621\" src=\"https:\/\/blog.telemarkrkh.no\/wp-content\/uploads\/2022\/04\/image1.jpeg\" alt=\"\" class=\"wp-image-784\" srcset=\"https:\/\/blog.telemarkrkh.no\/wp-content\/uploads\/2022\/04\/image1.jpeg 828w, https:\/\/blog.telemarkrkh.no\/wp-content\/uploads\/2022\/04\/image1-300x225.jpeg 300w, https:\/\/blog.telemarkrkh.no\/wp-content\/uploads\/2022\/04\/image1-768x576.jpeg 768w, https:\/\/blog.telemarkrkh.no\/wp-content\/uploads\/2022\/04\/image1-100x75.jpeg 100w, https:\/\/blog.telemarkrkh.no\/wp-content\/uploads\/2022\/04\/image1-150x113.jpeg 150w, https:\/\/blog.telemarkrkh.no\/wp-content\/uploads\/2022\/04\/image1-200x150.jpeg 200w, https:\/\/blog.telemarkrkh.no\/wp-content\/uploads\/2022\/04\/image1-450x338.jpeg 450w, https:\/\/blog.telemarkrkh.no\/wp-content\/uploads\/2022\/04\/image1-600x450.jpeg 600w\" sizes=\"auto, (max-width: 828px) 100vw, 828px\" \/><figcaption>Bilde ifra ett tidligere oppdrag i p\u00e5sken. Foto: B\u00f8\/Sauherad r\u00f8de kors hjelpekorps<\/figcaption><\/figure>\n\n\n\n<p>Vil ogs\u00e5 minne i dag \u00e5 sjekk varsom.no med tanke p\u00e5 skredfare. Dersom uhellet er ute, s\u00e5 ring 113. <\/p>\n\n\n\n<figure class=\"wp-block-image size-large\"><img loading=\"lazy\" decoding=\"async\" width=\"1024\" height=\"683\" src=\"https:\/\/blog.telemarkrkh.no\/wp-content\/uploads\/2022\/04\/220414_porsgrunn-haukeli-1-1024x683.jpg\" alt=\"\" class=\"wp-image-787\" srcset=\"https:\/\/blog.telemarkrkh.no\/wp-content\/uploads\/2022\/04\/220414_porsgrunn-haukeli-1-1024x683.jpg 1024w, https:\/\/blog.telemarkrkh.no\/wp-content\/uploads\/2022\/04\/220414_porsgrunn-haukeli-1-300x200.jpg 300w, https:\/\/blog.telemarkrkh.no\/wp-content\/uploads\/2022\/04\/220414_porsgrunn-haukeli-1-768x513.jpg 768w, https:\/\/blog.telemarkrkh.no\/wp-content\/uploads\/2022\/04\/220414_porsgrunn-haukeli-1-1536x1025.jpg 1536w, https:\/\/blog.telemarkrkh.no\/wp-content\/uploads\/2022\/04\/220414_porsgrunn-haukeli-1-2048x1367.jpg 2048w, https:\/\/blog.telemarkrkh.no\/wp-content\/uploads\/2022\/04\/220414_porsgrunn-haukeli-1-100x67.jpg 100w, https:\/\/blog.telemarkrkh.no\/wp-content\/uploads\/2022\/04\/220414_porsgrunn-haukeli-1-150x100.jpg 150w, https:\/\/blog.telemarkrkh.no\/wp-content\/uploads\/2022\/04\/220414_porsgrunn-haukeli-1-200x133.jpg 200w, https:\/\/blog.telemarkrkh.no\/wp-content\/uploads\/2022\/04\/220414_porsgrunn-haukeli-1-450x300.jpg 450w, https:\/\/blog.telemarkrkh.no\/wp-content\/uploads\/2022\/04\/220414_porsgrunn-haukeli-1-600x400.jpg 600w, https:\/\/blog.telemarkrkh.no\/wp-content\/uploads\/2022\/04\/220414_porsgrunn-haukeli-1-900x601.jpg 900w\" sizes=\"auto, (max-width: 1024px) 100vw, 1024px\" \/><figcaption>Leder for distriktsr\u00e5det Hjelpekorps, Siw Bastnes, og distriktstyreleder Trond Midtb\u00f8en reiste skj\u00e6rtorsdag rundt til de \u00e5tte hjelpekorpsene i Telemark som hadde beredskap p\u00e5 hytter og hus i utfartsomr\u00e5dene i fylket v\u00e5rt. Her er litt av beredskapsgjengen fra Porsgrunn R\u00f8de Kors som bemanner hytta p\u00e5 Haukeli.<\/figcaption><\/figure>\n","protected":false},"excerpt":{"rendered":"<p>Vaktmannskapene i Telemark kan melde om str\u00e5lende v\u00e6r, stor utfart i store deler av fylket. Hjelpekorpsene i Telemark har i dag behandlet 8 skader. Her er det b\u00e5de brudd\/forstuing og s\u00e5r\/kutt det g\u00e5r i. Vi har ogs\u00e5 bist\u00e5tt p\u00e5 2 &hellip;<\/p>\n<p class=\"read-more\"> <a class=\"more-link\" href=\"https:\/\/blog.telemarkrkh.no\/?p=783\"> <span class=\"screen-reader-text\">Str\u00e5lende p\u00e5skev\u00e6r<\/span> Read More &raquo;<\/a><\/p>\n","protected":false},"author":4,"featured_media":0,"comment_status":"open","ping_status":"open","sticky":false,"template":"","format":"standard","meta":{"footnotes":""},"categories":[1],"tags":[],"class_list":["post-783","post","type-post","status-publish","format-standard","hentry","category-ukategorisert"],"_links":{"self":[{"href":"https:\/\/blog.telemarkrkh.no\/index.php?rest_route=\/wp\/v2\/posts\/783","targetHints":{"allow":["GET"]}}],"collection":[{"href":"https:\/\/blog.telemarkrkh.no\/index.php?rest_route=\/wp\/v2\/posts"}],"about":[{"href":"https:\/\/blog.telemarkrkh.no\/index.php?rest_route=\/wp\/v2\/types\/post"}],"author":[{"embeddable":true,"href":"https:\/\/blog.telemarkrkh.no\/index.php?rest_route=\/wp\/v2\/users\/4"}],"replies":[{"embeddable":true,"href":"https:\/\/blog.telemarkrkh.no\/index.php?rest_route=%2Fwp%2Fv2%2Fcomments&post=783"}],"version-history":[{"count":2,"href":"https:\/\/blog.telemarkrkh.no\/index.php?rest_route=\/wp\/v2\/posts\/783\/revisions"}],"predecessor-version":[{"id":788,"href":"https:\/\/blog.telemarkrkh.no\/index.php?rest_route=\/wp\/v2\/posts\/783\/revisions\/788"}],"wp:attachment":[{"href":"https:\/\/blog.telemarkrkh.no\/index.php?rest_route=%2Fwp%2Fv2%2Fmedia&parent=783"}],"wp:term":[{"taxonomy":"category","embeddable":true,"href":"https:\/\/blog.telemarkrkh.no\/index.php?rest_route=%2Fwp%2Fv2%2Fcategories&post=783"},{"taxonomy":"post_tag","embeddable":true,"href":"https:\/\/blog.telemarkrkh.no\/index.php?rest_route=%2Fwp%2Fv2%2Ftags&post=783"}],"curies":[{"name":"wp","href":"https:\/\/api.w.org\/{rel}","templated":true}]}}