{"id":815,"date":"2023-03-31T08:53:06","date_gmt":"2023-03-31T06:53:06","guid":{"rendered":"http:\/\/blog.telemarkrkh.no\/?p=815"},"modified":"2023-03-31T09:41:59","modified_gmt":"2023-03-31T07:41:59","slug":"rode-kors-er-klare-for-paska","status":"publish","type":"post","link":"https:\/\/blog.telemarkrkh.no\/?p=815","title":{"rendered":"R\u00f8de Kors er klare for p\u00e5ska"},"content":{"rendered":"\n<p><strong>Telemark R\u00f8de Kors sine frivillige st\u00e5r n\u00e5 klare for \u00e5 s\u00f8rge for en trygg p\u00e5sketid i fjellet i Telemark.<\/strong><\/p>\n\n\n\n<p>57 frivillige hjelpekorpsere har satt seg opp p\u00e5 vaktordning p\u00e5 R\u00f8de Kors sine hytter p\u00e5 p\u00e5skefjellet i \u00e5r. I tillegg har alle hjelpekorpsene vanlige hjemmevakt om noe skulle skje.<\/p>\n\n\n\n<p>10 av Telemark R\u00f8de Kors sine 14 hjelpekorps er stasjonert p\u00e5 ulike utfartssteder i Telemark.<\/p>\n\n\n\n<figure class=\"wp-block-image size-large\"><img loading=\"lazy\" decoding=\"async\" width=\"1024\" height=\"683\" src=\"https:\/\/blog.telemarkrkh.no\/wp-content\/uploads\/2023\/03\/220414-rjukan-hrk-liten-1024x683.jpg\" alt=\"\" class=\"wp-image-818\" srcset=\"https:\/\/blog.telemarkrkh.no\/wp-content\/uploads\/2023\/03\/220414-rjukan-hrk-liten-1024x683.jpg 1024w, https:\/\/blog.telemarkrkh.no\/wp-content\/uploads\/2023\/03\/220414-rjukan-hrk-liten-300x200.jpg 300w, https:\/\/blog.telemarkrkh.no\/wp-content\/uploads\/2023\/03\/220414-rjukan-hrk-liten-768x513.jpg 768w, https:\/\/blog.telemarkrkh.no\/wp-content\/uploads\/2023\/03\/220414-rjukan-hrk-liten-1536x1025.jpg 1536w, https:\/\/blog.telemarkrkh.no\/wp-content\/uploads\/2023\/03\/220414-rjukan-hrk-liten-2048x1367.jpg 2048w, https:\/\/blog.telemarkrkh.no\/wp-content\/uploads\/2023\/03\/220414-rjukan-hrk-liten-100x67.jpg 100w, https:\/\/blog.telemarkrkh.no\/wp-content\/uploads\/2023\/03\/220414-rjukan-hrk-liten-150x100.jpg 150w, https:\/\/blog.telemarkrkh.no\/wp-content\/uploads\/2023\/03\/220414-rjukan-hrk-liten-200x133.jpg 200w, https:\/\/blog.telemarkrkh.no\/wp-content\/uploads\/2023\/03\/220414-rjukan-hrk-liten-450x300.jpg 450w, https:\/\/blog.telemarkrkh.no\/wp-content\/uploads\/2023\/03\/220414-rjukan-hrk-liten-600x400.jpg 600w, https:\/\/blog.telemarkrkh.no\/wp-content\/uploads\/2023\/03\/220414-rjukan-hrk-liten-900x601.jpg 900w\" sizes=\"auto, (max-width: 1024px) 100vw, 1024px\" \/><figcaption class=\"wp-element-caption\">Frivillige fra hjelpekorpset p\u00e5 Rjukan og Tinn har p\u00e5skevakt fra huset p\u00e5 Rjukan. <\/figcaption><\/figure>\n\n\n\n<p><strong><a href=\"https:\/\/blog.telemarkrkh.no\/?page_id=50\" data-type=\"URL\" data-id=\"https:\/\/blog.telemarkrkh.no\/?page_id=50\">Her er vi<\/a>:<\/strong><\/p>\n\n\n\n<ul class=\"wp-block-list\">\n<li>Porsgrunn R\u00f8de Kors Hjelpekorps er p\u00e5 Haukelifjell fra 31. mars til og med 9. april.<\/li>\n\n\n\n<li>Skien R\u00f8de Kors Hjelpekorps er p\u00e5 Svanstul fra 8. til 11. april.<\/li>\n\n\n\n<li>Drangedal R\u00f8de Kors Hjelpekorps er p\u00e5 Gautefall fra 1. til 9. april.<\/li>\n\n\n\n<li>Fyresdal R\u00f8de Kors Hjelpekorps er p\u00e5 hytta i Birtedalen fra 5. til 9. april.<\/li>\n\n\n\n<li>Notodden R\u00f8de Kors Hjelpekorps er p\u00e5 hytta p\u00e5 Nordstul fra 7. til 10. april og har ellers hjemmevakt.<\/li>\n\n\n\n<li>Tokke R\u00f8de Kors Hjelpekorps er p\u00e5 hytta p\u00e5 Hallbj\u00f8nnsekken fra 6. til 9. april.<\/li>\n\n\n\n<li>B\u00f8 og Sauherad er p\u00e5 hytta p\u00e5 Lifjell fra 5. til 10. april.<\/li>\n\n\n\n<li>Hjartdal, Vinje og Haukeli og Rjukan og Tinn har aktive vakter hjemmefra eller p\u00e5 sine respektive R\u00f8de Kors-hus.<\/li>\n<\/ul>\n\n\n\n<p><a href=\"https:\/\/blog.telemarkrkh.no\/?page_id=50\" data-type=\"URL\" data-id=\"https:\/\/blog.telemarkrkh.no\/?page_id=50\">Se kart over vaktsteder med kontaktinfo<\/a><\/p>\n\n\n\n<p>Fjor\u00e5rets p\u00e5ske i fjellet var rolig for de frivillige i Telemark R\u00f8de Kors. Flere hadde tatt seg en velfortjent utenlandstur i p\u00e5sken i fjor etter to \u00e5r med reiseforbud og pandemi.<\/p>\n\n\n\n<p>I p\u00e5sken 2022 rykket Telemark R\u00f8de Kors ut til 20 skader. I korona\u00e5ret 2021 hadde hjelpekorpset 27 skadede, mens det i 2019 var 93 skader.<\/p>\n\n\n\n<p>Siw Bastnes, leder for Distriktsr\u00e5d Hjelpekorps i Telemark, regner med mer trykk p\u00e5 fjellet i \u00e5r og at mange p\u00e5sketurister vil bli behandlet for ulike bruddskader. Noen vil ogs\u00e5 m\u00e5tte bli hentet ut fra fjellet p\u00e5 grunn av d\u00e5rlig v\u00e6r.<\/p>\n\n\n\n<p>&#8211; Vi forventer stor utfart til p\u00e5skefjellet i \u00e5r. B\u00e5de fordi det er mye sn\u00f8 i fjellet og p\u00e5 grunn av dyrtida tror vi at mange vil spare sydenturer til senere og heller ta turen til hytta, sier Bastnes.<\/p>\n\n\n\n<figure class=\"wp-block-image size-large\"><img loading=\"lazy\" decoding=\"async\" width=\"1024\" height=\"684\" src=\"https:\/\/blog.telemarkrkh.no\/wp-content\/uploads\/2023\/03\/230316-ambulanselinja-siwukas-frivillig-1024x684.jpg\" alt=\"\" class=\"wp-image-819\" srcset=\"https:\/\/blog.telemarkrkh.no\/wp-content\/uploads\/2023\/03\/230316-ambulanselinja-siwukas-frivillig-1024x684.jpg 1024w, https:\/\/blog.telemarkrkh.no\/wp-content\/uploads\/2023\/03\/230316-ambulanselinja-siwukas-frivillig-300x200.jpg 300w, https:\/\/blog.telemarkrkh.no\/wp-content\/uploads\/2023\/03\/230316-ambulanselinja-siwukas-frivillig-768x513.jpg 768w, https:\/\/blog.telemarkrkh.no\/wp-content\/uploads\/2023\/03\/230316-ambulanselinja-siwukas-frivillig-100x67.jpg 100w, https:\/\/blog.telemarkrkh.no\/wp-content\/uploads\/2023\/03\/230316-ambulanselinja-siwukas-frivillig-150x100.jpg 150w, https:\/\/blog.telemarkrkh.no\/wp-content\/uploads\/2023\/03\/230316-ambulanselinja-siwukas-frivillig-200x134.jpg 200w, https:\/\/blog.telemarkrkh.no\/wp-content\/uploads\/2023\/03\/230316-ambulanselinja-siwukas-frivillig-450x300.jpg 450w, https:\/\/blog.telemarkrkh.no\/wp-content\/uploads\/2023\/03\/230316-ambulanselinja-siwukas-frivillig-600x401.jpg 600w, https:\/\/blog.telemarkrkh.no\/wp-content\/uploads\/2023\/03\/230316-ambulanselinja-siwukas-frivillig-900x601.jpg 900w, https:\/\/blog.telemarkrkh.no\/wp-content\/uploads\/2023\/03\/230316-ambulanselinja-siwukas-frivillig.jpg 1417w\" sizes=\"auto, (max-width: 1024px) 100vw, 1024px\" \/><figcaption class=\"wp-element-caption\">Siw Bastnes utenfor hytta p\u00e5 Gautefall. Hun og kollegaene er klare for p\u00e5skevakt.<\/figcaption><\/figure>\n\n\n\n<p>P\u00e5sken er h\u00f8ytid for v\u00e5re frivillige og mange av v\u00e5re mannskaper ser frem til fine dager ute i naturen i beredskap for andre. Vi h\u00e5per alle f\u00e5r en trygg og god p\u00e5ske \u2013 og minner alle om \u00e5 repetere og f\u00f8lge <strong>Fjellvettreglene<\/strong>.<\/p>\n\n\n\n<p>1.&nbsp;&nbsp;&nbsp;&nbsp;&nbsp;&nbsp;&nbsp;&nbsp;&nbsp;&nbsp; Planlegg turen og meld fra hvor du g\u00e5r.<\/p>\n\n\n\n<p>2.&nbsp;&nbsp;&nbsp;&nbsp;&nbsp;&nbsp;&nbsp;&nbsp;&nbsp;&nbsp; Tilpass turen etter evne og forhold.<\/p>\n\n\n\n<p>3.&nbsp;&nbsp;&nbsp;&nbsp;&nbsp;&nbsp;&nbsp;&nbsp;&nbsp;&nbsp; Ta hensyn til v\u00e6r- og skredvarsel.<\/p>\n\n\n\n<p>4.&nbsp;&nbsp;&nbsp;&nbsp;&nbsp;&nbsp;&nbsp;&nbsp;&nbsp;&nbsp; V\u00e6r forberedt p\u00e5 uv\u00e6r og kulde, selv p\u00e5 korte turer.<\/p>\n\n\n\n<p>5.&nbsp;&nbsp;&nbsp;&nbsp;&nbsp;&nbsp;&nbsp;&nbsp;&nbsp;&nbsp; Ta med n\u00f8dvendig utstyr for \u00e5 kunne hjelpe deg selv og andre.<\/p>\n\n\n\n<p>6.&nbsp;&nbsp;&nbsp;&nbsp;&nbsp;&nbsp;&nbsp;&nbsp;&nbsp;&nbsp; Ta trygge veivalg. Gjenkjenn skredfarlig terreng og usikker is.<\/p>\n\n\n\n<p>7.&nbsp;&nbsp;&nbsp;&nbsp;&nbsp;&nbsp;&nbsp;&nbsp;&nbsp;&nbsp; Bruk kart og kompass. Vit alltid hvor du er.<\/p>\n\n\n\n<p>8.&nbsp;&nbsp;&nbsp;&nbsp;&nbsp;&nbsp;&nbsp;&nbsp;&nbsp;&nbsp; Vend i tide, det er ingen skam \u00e5 snu.<\/p>\n\n\n\n<p>9.&nbsp;&nbsp;&nbsp;&nbsp;&nbsp;&nbsp;&nbsp;&nbsp;&nbsp;&nbsp; Spar p\u00e5 kreftene, og s\u00f8k ly om n\u00f8dvendig.<\/p>\n\n\n\n<p>Akkurat n\u00e5 er det moderat sn\u00f8skredfare, men dette kan endre seg fort. F\u00f8lg med p\u00e5 varsom.no om du planlegger turer i skredutsatt omr\u00e5de og om du er usikker, hold deg unna bratt terreng p\u00e5 mer enn 30 graders helling. <\/p>\n\n\n\n<p>Farene i Vest-Telemark dreier seg n\u00e5 om fokksn\u00f8, flakskred og v\u00e5t sn\u00f8 som kan f\u00f8re til l\u00f8ssn\u00f8skred.<\/p>\n\n\n\n<figure class=\"wp-block-image size-full\"><img loading=\"lazy\" decoding=\"async\" width=\"567\" height=\"378\" src=\"https:\/\/blog.telemarkrkh.no\/wp-content\/uploads\/2023\/03\/2302-skredkurs-lifjell-graving-siren-johannes-og-arne-didrik-funn-liten.jpg\" alt=\"\" class=\"wp-image-822\" srcset=\"https:\/\/blog.telemarkrkh.no\/wp-content\/uploads\/2023\/03\/2302-skredkurs-lifjell-graving-siren-johannes-og-arne-didrik-funn-liten.jpg 567w, https:\/\/blog.telemarkrkh.no\/wp-content\/uploads\/2023\/03\/2302-skredkurs-lifjell-graving-siren-johannes-og-arne-didrik-funn-liten-300x200.jpg 300w, https:\/\/blog.telemarkrkh.no\/wp-content\/uploads\/2023\/03\/2302-skredkurs-lifjell-graving-siren-johannes-og-arne-didrik-funn-liten-100x67.jpg 100w, https:\/\/blog.telemarkrkh.no\/wp-content\/uploads\/2023\/03\/2302-skredkurs-lifjell-graving-siren-johannes-og-arne-didrik-funn-liten-150x100.jpg 150w, https:\/\/blog.telemarkrkh.no\/wp-content\/uploads\/2023\/03\/2302-skredkurs-lifjell-graving-siren-johannes-og-arne-didrik-funn-liten-200x133.jpg 200w, https:\/\/blog.telemarkrkh.no\/wp-content\/uploads\/2023\/03\/2302-skredkurs-lifjell-graving-siren-johannes-og-arne-didrik-funn-liten-450x300.jpg 450w\" sizes=\"auto, (max-width: 567px) 100vw, 567px\" \/><figcaption class=\"wp-element-caption\">Skredgruppa i Telemark hadde sitt f\u00f8rste skredkurs p\u00e5 Lifjell i Telemark i februar 2023.  Siren Haaland fra Mandal R\u00f8de Kors, Arne Didrik Arnesen fra S\u00f8gne R\u00f8de Kors, Johannes Eichner fra B\u00f8 og Sauherad R\u00f8de Kors, Olav Hovelsrud fra Vinje og Haukeli R\u00f8de Kors var blant deltakerne.<\/figcaption><\/figure>\n","protected":false},"excerpt":{"rendered":"<p>Telemark R\u00f8de Kors sine frivillige st\u00e5r n\u00e5 klare for \u00e5 s\u00f8rge for en trygg p\u00e5sketid i fjellet i Telemark. 57 frivillige hjelpekorpsere har satt seg opp p\u00e5 vaktordning p\u00e5 R\u00f8de Kors sine hytter p\u00e5 p\u00e5skefjellet i \u00e5r. I tillegg har &hellip;<\/p>\n<p class=\"read-more\"> <a class=\"more-link\" href=\"https:\/\/blog.telemarkrkh.no\/?p=815\"> <span class=\"screen-reader-text\">R\u00f8de Kors er klare for p\u00e5ska<\/span> Read More &raquo;<\/a><\/p>\n","protected":false},"author":7,"featured_media":827,"comment_status":"open","ping_status":"open","sticky":false,"template":"","format":"standard","meta":{"footnotes":""},"categories":[3,4,5],"tags":[12,20,22,21,13,14],"class_list":["post-815","post","type-post","status-publish","format-standard","has-post-thumbnail","hentry","category-nyheter","category-paaske","category-pressemelding","tag-hjelpekorps","tag-paske","tag-paske-2023","tag-pressemelding","tag-rodekors","tag-telemark"],"_links":{"self":[{"href":"https:\/\/blog.telemarkrkh.no\/index.php?rest_route=\/wp\/v2\/posts\/815","targetHints":{"allow":["GET"]}}],"collection":[{"href":"https:\/\/blog.telemarkrkh.no\/index.php?rest_route=\/wp\/v2\/posts"}],"about":[{"href":"https:\/\/blog.telemarkrkh.no\/index.php?rest_route=\/wp\/v2\/types\/post"}],"author":[{"embeddable":true,"href":"https:\/\/blog.telemarkrkh.no\/index.php?rest_route=\/wp\/v2\/users\/7"}],"replies":[{"embeddable":true,"href":"https:\/\/blog.telemarkrkh.no\/index.php?rest_route=%2Fwp%2Fv2%2Fcomments&post=815"}],"version-history":[{"count":6,"href":"https:\/\/blog.telemarkrkh.no\/index.php?rest_route=\/wp\/v2\/posts\/815\/revisions"}],"predecessor-version":[{"id":842,"href":"https:\/\/blog.telemarkrkh.no\/index.php?rest_route=\/wp\/v2\/posts\/815\/revisions\/842"}],"wp:featuredmedia":[{"embeddable":true,"href":"https:\/\/blog.telemarkrkh.no\/index.php?rest_route=\/wp\/v2\/media\/827"}],"wp:attachment":[{"href":"https:\/\/blog.telemarkrkh.no\/index.php?rest_route=%2Fwp%2Fv2%2Fmedia&parent=815"}],"wp:term":[{"taxonomy":"category","embeddable":true,"href":"https:\/\/blog.telemarkrkh.no\/index.php?rest_route=%2Fwp%2Fv2%2Fcategories&post=815"},{"taxonomy":"post_tag","embeddable":true,"href":"https:\/\/blog.telemarkrkh.no\/index.php?rest_route=%2Fwp%2Fv2%2Ftags&post=815"}],"curies":[{"name":"wp","href":"https:\/\/api.w.org\/{rel}","templated":true}]}}